{"id":5939,"date":"2016-05-09T09:08:19","date_gmt":"2016-05-09T09:08:19","guid":{"rendered":"http:\/\/www.chilehalal.com\/?p=5939"},"modified":"2016-05-09T11:23:27","modified_gmt":"2016-05-09T11:23:27","slug":"pymes-participen-a-la-macrorrueda-de-la-alianza-del-pacifico","status":"publish","type":"post","link":"https:\/\/www.chilehalal.com\/index.php\/2016\/05\/agenda\/09\/pymes-participen-a-la-macrorrueda-de-la-alianza-del-pacifico\/","title":{"rendered":"PYMES: \u00a1participen a la Macrorrueda de la Alianza del Pac\u00edfico!"},"content":{"rendered":"<p style=\"text-align: justify;\"><span style=\"color: #000000;\"><b><i>Las Peque\u00f1as y Medianas Empresas son cordialmente invitadas por Prochile, la instituci\u00f3n del Ministerio de Relaciones Exteriores de Chile. El evento denominado Macrorrueda de la Alianza del Pac\u00edfico se llevar\u00e1 a cabo, por cuarta vez, el pr\u00f3ximo 22 y 23 en Santiago de Chile.<\/i><\/b><\/span><\/p>\n<p style=\"text-align: justify;\"><span style=\"font-weight: 400; color: #000000;\">La macrorrueda de la Alianza del Pac\u00edfico es organizada por los pa\u00edses del bloque como Chile, Colombia, M\u00e9xico y Per\u00fa. En CentroParque del Parque Araucano, en Santiago, se juntar\u00e1n empresas y compradores de todo el continente y de de Asia y Estados-Unidos.\u00a0<\/span><span style=\"font-weight: 400; color: #000000;\">Los dos d\u00edas ser\u00e1n jalonados de reuniones de negocios entre empresarios para desarrollar el comercio entre Chile y otros pa\u00edses. Esta edici\u00f3n se centrar\u00e1 en las Peque\u00f1as y Medianas Empresas (Pymes) exportadoras o las que preven hacerlo.<\/span><\/p>\n<p style=\"text-align: justify;\"><span style=\"color: #000000;\"><span style=\"font-weight: 400;\">Esta edici\u00f3n se enfoca especialmente en f<\/span><span style=\"font-weight: 400;\">rutas y hortalizas, procesados, pesqueros congelados y procesados, productos gourmet<\/span><span style=\"font-weight: 400;\">. En el campo manufacturero, se privilegian empresas de equipos m\u00e9dicos, madereros, tejido, confecci\u00f3n de prendas y dem\u00e1s.\u00a0<\/span><\/span><span style=\"color: #000000;\"><span style=\"font-weight: 400;\">Para asistir al evento manden una solicitud ingresando la pagina <\/span><a style=\"color: #000000;\" href=\"http:\/\/www.prochile.gob.cl\/\"><span style=\"font-weight: 400;\">www.prochile.gob.cl<\/span><\/a><span style=\"font-weight: 400;\"> y <\/span><span style=\"font-weight: 400;\">reg\u00edstrense <\/span><span style=\"font-weight: 400;\">en la plataforma. Tienen hasta el 13 de mayo<\/span><span style=\"font-weight: 400;\">.<\/span><\/span><\/p>\n<p style=\"text-align: justify;\"><span style=\"font-weight: 400; color: #000000;\">Por primera vez, el evento tendr\u00e1 lugar en Chile despu\u00e9s de haber tenido lugar en M\u00e9xico, Colombia y Per\u00fa. Hay que notar que este bloque Alianza del Pac\u00edfico se transform\u00f3 en el tercer destino de exportaciones chilenas. El a\u00f1o pasado, las exportaciones nacionales llegar\u00e1n a los US$ 3.766 millones. \u00a0<\/span><\/p>\n<p style=\"text-align: justify;\"><span style=\"color: #000000;\"><b>Sirine S.<br \/>\n<\/b><\/span><span style=\"color: #000000;\"><b>Periodista Chilehalal<\/b><\/span><\/p>\n<p>&nbsp;<\/p>\n","protected":false},"excerpt":{"rendered":"<p>Las Peque\u00f1as y Medianas Empresas son cordialmente invitadas por Prochile, la instituci\u00f3n del Ministerio de Relaciones Exteriores de Chile. El evento denominado Macrorrueda de la Alianza del Pac\u00edfico se llevar\u00e1 a cabo, por cuarta vez, el pr\u00f3ximo 22 y 23 en Santiago de Chile. La macrorrueda de la Alianza del Pac\u00edfico es organizada por los&hellip;<\/p>\n","protected":false},"author":6,"featured_media":5940,"comment_status":"closed","ping_status":"closed","sticky":false,"template":"","format":"standard","meta":[],"categories":[6,432,408],"tags":[467,112,465,459,466,463,464,460,446,461,324,462],"class_list":["post-5939","post","type-post","status-publish","format-standard","has-post-thumbnail","hentry","category-agenda","category-events","category-blog","tag-asia","tag-chile","tag-colombia","tag-comercio","tag-ee-uu","tag-empresas-chilenas","tag-internacional","tag-macrorrueda","tag-mexico","tag-negocio","tag-prochile","tag-pymes","category-6","category-432","category-408","description-off"],"_links":{"self":[{"href":"https:\/\/www.chilehalal.com\/index.php\/wp-json\/wp\/v2\/posts\/5939","targetHints":{"allow":["GET"]}}],"collection":[{"href":"https:\/\/www.chilehalal.com\/index.php\/wp-json\/wp\/v2\/posts"}],"about":[{"href":"https:\/\/www.chilehalal.com\/index.php\/wp-json\/wp\/v2\/types\/post"}],"author":[{"embeddable":true,"href":"https:\/\/www.chilehalal.com\/index.php\/wp-json\/wp\/v2\/users\/6"}],"replies":[{"embeddable":true,"href":"https:\/\/www.chilehalal.com\/index.php\/wp-json\/wp\/v2\/comments?post=5939"}],"version-history":[{"count":4,"href":"https:\/\/www.chilehalal.com\/index.php\/wp-json\/wp\/v2\/posts\/5939\/revisions"}],"predecessor-version":[{"id":5947,"href":"https:\/\/www.chilehalal.com\/index.php\/wp-json\/wp\/v2\/posts\/5939\/revisions\/5947"}],"wp:featuredmedia":[{"embeddable":true,"href":"https:\/\/www.chilehalal.com\/index.php\/wp-json\/wp\/v2\/media\/5940"}],"wp:attachment":[{"href":"https:\/\/www.chilehalal.com\/index.php\/wp-json\/wp\/v2\/media?parent=5939"}],"wp:term":[{"taxonomy":"category","embeddable":true,"href":"https:\/\/www.chilehalal.com\/index.php\/wp-json\/wp\/v2\/categories?post=5939"},{"taxonomy":"post_tag","embeddable":true,"href":"https:\/\/www.chilehalal.com\/index.php\/wp-json\/wp\/v2\/tags?post=5939"}],"curies":[{"name":"wp","href":"https:\/\/api.w.org\/{rel}","templated":true}]}}