{"id":3935,"date":"2014-10-07T14:12:05","date_gmt":"2014-10-07T14:12:05","guid":{"rendered":"http:\/\/www.chilehalal.com\/?p=3935"},"modified":"2014-10-07T14:15:50","modified_gmt":"2014-10-07T14:15:50","slug":"plano-de-la-halal-expo-latino-americana","status":"publish","type":"post","link":"https:\/\/www.chilehalal.com\/index.php\/2014\/10\/biblioteca\/07\/plano-de-la-halal-expo-latino-americana\/","title":{"rendered":"Plano de la Halal Expo Latino Americana 2014"},"content":{"rendered":"<p><a href=\"https:\/\/www.chilehalal.com\/wp-content\/uploads\/2014\/10\/PLAN-au-280814.jpg\"><img loading=\"lazy\" decoding=\"async\" class=\"alignleft size-full wp-image-3936\" alt=\"PLAN-au-280814\" src=\"https:\/\/www.chilehalal.com\/wp-content\/uploads\/2014\/10\/PLAN-au-280814.jpg\" width=\"774\" height=\"547\" \/><\/a><\/p>\n<p><span style=\"color: #55800c; font-size: 1.5rem; line-height: 1.5;\">Halal Expo Latino Americana 2014<\/span><\/p>\n<p align=\"JUSTIFY\"><span style=\"color: #555555;\"><span style=\"font-family: Helvetica, Arial, sans-serif;\"><span>Los d\u00edas 17 y 18 del pr\u00f3ximo mes de noviembre han sido los elegidos, por El grupo Halal Food Internactional &amp; Chilehalal, para la celebraci\u00f3n de la tercera edici\u00f3n de \u201cLa Halal Expo Latino Americana\u201d.<\/span><\/span><\/span><\/p>\n<p align=\"JUSTIFY\"><span style=\"color: #555555;\"><span style=\"font-family: Helvetica, Arial, sans-serif;\"><span>Los organizadores del evento han afirmado que el \u00e9xito de las dos ediciones anteriores, en las que han contado con el apoyo y la participaci\u00f3n de cuerpos diplom\u00e1ticos, oficinas comerciales y empresarios nacionales e internacionales, ha motivado la organizaci\u00f3n de esta tercera edici\u00f3n.<\/span><\/span><\/span><\/p>\n<p align=\"LEFT\"><span style=\"color: #555555;\"><span style=\"font-family: Helvetica, Arial, sans-serif;\"><span>La cita tendr\u00e1 lugar en el Hotel Intercontinental de Santiago de Chile, y a la misma pueden acudir todos los interesados en la industria Halal, que ya pueden reservar sus entradas. Adem\u00e1s todas aquellas empresas dedicadas a alg\u00fan sector de la industria Halal pueden reservar su espacio dentro de la Feria, para presentar sus productos. Este a\u00f1o el encuentro se centrar\u00e1 fundamentalmente en el mercado Halal de productos c\u00e1rnicos y no c\u00e1rnicos, turismo y finanzas.<\/span><\/span><\/span><\/p>\n<p align=\"LEFT\"><span style=\"color: #555555;\"><span style=\"font-family: Helvetica, Arial, sans-serif;\"><span>Esta tercera edici\u00f3n de la Exposici\u00f3n Halal se presenta como una gran oportunidad para todos los profesionales de la industria Halal, de compartir sus experiencias y potenciar un debate sobre este tipo de industria, que ayude a su consolidaci\u00f3n y desarrollo. La Exposici\u00f3n se ha presentado en varios pa\u00edses, con importante desarrollo del sector Halal, tales como: Malasia, Indonesia, Jap\u00f3n, Arabia Saudita, Emiratos \u00c1rabes Unidos, Marruecos, Argelia, Estados Unidos, Canad\u00e1, Rusia, Francia y Espa\u00f1a, lo que, seg\u00fan los organizadores, otorga al evento un importante reconocimiento y apoyo internacional.<\/span><\/span><\/span><\/p>\n","protected":false},"excerpt":{"rendered":"<p>Halal Expo Latino Americana 2014 Los d\u00edas 17 y 18 del pr\u00f3ximo mes de noviembre han sido los elegidos, por El grupo Halal Food Internactional &amp; Chilehalal, para la celebraci\u00f3n de la tercera edici\u00f3n de \u201cLa Halal Expo Latino Americana\u201d. Los organizadores del evento han afirmado que el \u00e9xito de las dos ediciones anteriores, en&hellip;<\/p>\n","protected":false},"author":6,"featured_media":0,"comment_status":"closed","ping_status":"closed","sticky":false,"template":"","format":"standard","meta":[],"categories":[6,5,408],"tags":[268,276,37,141,157,106,386,130,216,132,98,374],"class_list":["post-3935","post","type-post","status-publish","format-standard","hentry","category-agenda","category-biblioteca","category-blog","tag-centro-islamico-de-copiapo","tag-chilearab","tag-gelatina","tag-halal-au-chili","tag-halal-chilien","tag-halal-en-chile","tag-halal-expo-chile","tag-islam-chileno","tag-mezquita-de-santiago","tag-mezquita-de-vina-del-mar","tag-muhammad","tag-muslim-chilien","category-6","category-5","category-408","description-off"],"_links":{"self":[{"href":"https:\/\/www.chilehalal.com\/index.php\/wp-json\/wp\/v2\/posts\/3935","targetHints":{"allow":["GET"]}}],"collection":[{"href":"https:\/\/www.chilehalal.com\/index.php\/wp-json\/wp\/v2\/posts"}],"about":[{"href":"https:\/\/www.chilehalal.com\/index.php\/wp-json\/wp\/v2\/types\/post"}],"author":[{"embeddable":true,"href":"https:\/\/www.chilehalal.com\/index.php\/wp-json\/wp\/v2\/users\/6"}],"replies":[{"embeddable":true,"href":"https:\/\/www.chilehalal.com\/index.php\/wp-json\/wp\/v2\/comments?post=3935"}],"version-history":[{"count":4,"href":"https:\/\/www.chilehalal.com\/index.php\/wp-json\/wp\/v2\/posts\/3935\/revisions"}],"predecessor-version":[{"id":3940,"href":"https:\/\/www.chilehalal.com\/index.php\/wp-json\/wp\/v2\/posts\/3935\/revisions\/3940"}],"wp:attachment":[{"href":"https:\/\/www.chilehalal.com\/index.php\/wp-json\/wp\/v2\/media?parent=3935"}],"wp:term":[{"taxonomy":"category","embeddable":true,"href":"https:\/\/www.chilehalal.com\/index.php\/wp-json\/wp\/v2\/categories?post=3935"},{"taxonomy":"post_tag","embeddable":true,"href":"https:\/\/www.chilehalal.com\/index.php\/wp-json\/wp\/v2\/tags?post=3935"}],"curies":[{"name":"wp","href":"https:\/\/api.w.org\/{rel}","templated":true}]}}