{"id":3801,"date":"2014-07-03T13:14:06","date_gmt":"2014-07-03T13:14:06","guid":{"rendered":"http:\/\/www.chilehalal.com\/?p=3801"},"modified":"2014-07-03T16:47:39","modified_gmt":"2014-07-03T16:47:39","slug":"procarne-pone-en-el-mercado-carne-halal-con-la-marca-chilehalal","status":"publish","type":"post","link":"https:\/\/www.chilehalal.com\/index.php\/2014\/07\/blog\/03\/procarne-pone-en-el-mercado-carne-halal-con-la-marca-chilehalal\/","title":{"rendered":"Procarne pone en el mercado chileno carne \u00abhalal\u00bb con la marca Chilehalal"},"content":{"rendered":"<div id=\"id_53b553089b6ff9650383452\">Bueno, hay cosas que se demoran, no por culpa de Chilehalal o Procarne, pero solo porque los procesos son lentos y es normal, sanidad, etc, por fin esta lista la carne Halal 100% chilena, 100% halal, 100% Chilehalal, la lista de los puntos de venta, llamar directamente a Procarne, solo la carne con etiqueta de Chilehalal y con las fechas que corresponden a nuestra faena, animales sacrificados por nuestros hermano chilenos musulmanes y etiquetados por ellos. Sacrificadores habilitados por Chilehalal y el C.L.AC.H ( Comite Halal Latino Americano) <a href=\"http:\/\/l.facebook.com\/l.php?u=http%3A%2F%2Fwww.comitehalal.com%2F&amp;h=dAQEWDk64&amp;enc=AZMRvxsw6mkYqREfb1dDQ8qkjglYWn-HPdw3SoOO_YMv2zzV2EgScA1HuM8sukuG9RITYUQ43uQntVOLksvjqJp1jalXhBYSpWyi2Fq2UeYHzbtpif87v7XsXmtiz19C9RohzRNGjiskGIZ3iWrC8T9q&amp;s=1\" target=\"_blank\" rel=\"nofollow nofollow\">www.comitehalal.com<\/a>, <a href=\"https:\/\/www.facebook.com\/yahia.silva\" data-hovercard=\"\/ajax\/hovercard\/user.php?id=100003245323587\">Yahia Silva<\/a> (Gonzalo Silva), <a href=\"https:\/\/www.facebook.com\/chile.exploring\" data-hovercard=\"\/ajax\/hovercard\/user.php?id=100000955855693\">Chile Exploring<\/a> (Jesus Ordeix), Mehmet Arif, Jaouad Asskak, Muhammed Abdelsalam (Juan Daniel Valdebenito), bajo el alto control y estricto de Chilehalal.<br \/>\nFechas de faena :<br \/>\n08 de marzo 2014<br \/>\n15 de marzo 2014<br \/>\n12 de Avril 2014<br \/>\na no confundir con la fecha de producci\u00f3n.<br \/>\nDe todas maneras las fotos indican la fecha de faena, quisi\u00e9ramos agradecer a estos hermanos que hicieron que esto sea posible, y a Procarne, atenci\u00f3n estas etiquetas son exclusivamente para el territorio chileno, las etiquetas de exportaci\u00f3n son otras, hermanos y hermanas , que pasen un feliz mes de ayuno.<br \/>\nSupervision halal : <a href=\"http:\/\/l.facebook.com\/l.php?u=http%3A%2F%2Fwww.comitehalal.com%2F&amp;h=YAQEAqnpK&amp;enc=AZMRC0YmA-9w-gHSmzEo6Cg1MW0229BVNAB8RApNM4UJe9u3P8YXC7CTVezXNZ619-ZJT6gKeinx361EeRs4nMKv1GzbM72zJawY3ukuJxhAsz8ChumBwLfl8qs8nqTCHUauDrZL8pQjx4J-fs-xvQ93&amp;s=1\" target=\"_blank\" rel=\"nofollow nofollow\">www.comitehalal.com<\/a>, <a href=\"http:\/\/www.chilehalal.cl\/\" target=\"_blank\" rel=\"nofollow nofollow\">www.chilehalal.cl<\/a><br \/>\nHalal Food International &amp; ChilehalalOFICINAS COMERCIALES DE PROCARNE<br \/>\nBuzeta 3764 &#8211; Estacion Central Tel\u00e9fono: +56 2 24141300<\/div>\n<div><\/div>\n<div>\n\n\t\t\t<style type='text\/css'>\n\t\t\t\t#gallery-1 {\n\t\t\t\t\tmargin: auto;\n\t\t\t\t}\n\t\t\t\t#gallery-1 .gallery-item {\n\t\t\t\t\tfloat: left;\n\t\t\t\t\tmargin-top: 10px;\n\t\t\t\t\ttext-align: center;\n\t\t\t\t\twidth: 33%;\n\t\t\t\t}\n\t\t\t\t#gallery-1 img {\n\t\t\t\t\tborder: 2px solid #cfcfcf;\n\t\t\t\t}\n\t\t\t\t#gallery-1 .gallery-caption {\n\t\t\t\t\tmargin-left: 0;\n\t\t\t\t}\n\t\t\t\t\/* see gallery_shortcode() in wp-includes\/media.php *\/\n\t\t\t<\/style>\n\t\t<div id='gallery-1' class='dt-gallery-container gallery galleryid-3801 gallery-columns-3 gallery-size-thumbnail'><dl class='gallery-item'>\n\t\t\t\t<dt class='gallery-icon landscape'>\n\t\t\t\t\t<a class=\"rollover\" href='https:\/\/www.chilehalal.com\/index.php\/2014\/07\/blog\/03\/procarne-pone-en-el-mercado-carne-halal-con-la-marca-chilehalal\/attachment\/10329223_733935886648266_8600047525750340520_n\/'><img loading=\"lazy\" decoding=\"async\" width=\"150\" height=\"150\" src=\"https:\/\/www.chilehalal.com\/wp-content\/uploads\/2014\/07\/10329223_733935886648266_8600047525750340520_n-150x150.jpg\" class=\"attachment-thumbnail size-thumbnail\" alt=\"\" aria-describedby=\"gallery-1-3802\" srcset=\"https:\/\/www.chilehalal.com\/wp-content\/uploads\/2014\/07\/10329223_733935886648266_8600047525750340520_n-150x150.jpg 150w, https:\/\/www.chilehalal.com\/wp-content\/uploads\/2014\/07\/10329223_733935886648266_8600047525750340520_n-160x160.jpg 160w, https:\/\/www.chilehalal.com\/wp-content\/uploads\/2014\/07\/10329223_733935886648266_8600047525750340520_n-320x320.jpg 320w\" sizes=\"auto, (max-width: 150px) 100vw, 150px\" \/><\/a>\n\t\t\t\t<\/dt>\n\t\t\t\t\t<dd class='wp-caption-text gallery-caption' id='gallery-1-3802'>\n\t\t\t\t\tChilehalal &#038; Procarne\n\t\t\t\t\t<\/dd><\/dl><dl class='gallery-item'>\n\t\t\t\t<dt class='gallery-icon landscape'>\n\t\t\t\t\t<a class=\"rollover\" href='https:\/\/www.chilehalal.com\/index.php\/2014\/07\/blog\/03\/procarne-pone-en-el-mercado-carne-halal-con-la-marca-chilehalal\/attachment\/cajas-de-procarne-2\/'><img loading=\"lazy\" decoding=\"async\" width=\"150\" height=\"150\" src=\"https:\/\/www.chilehalal.com\/wp-content\/uploads\/2014\/07\/CAJAS-DE-PROCARNE-2-150x150.jpg\" class=\"attachment-thumbnail size-thumbnail\" alt=\"\" aria-describedby=\"gallery-1-3803\" srcset=\"https:\/\/www.chilehalal.com\/wp-content\/uploads\/2014\/07\/CAJAS-DE-PROCARNE-2-150x150.jpg 150w, https:\/\/www.chilehalal.com\/wp-content\/uploads\/2014\/07\/CAJAS-DE-PROCARNE-2-160x160.jpg 160w, https:\/\/www.chilehalal.com\/wp-content\/uploads\/2014\/07\/CAJAS-DE-PROCARNE-2-320x320.jpg 320w\" sizes=\"auto, (max-width: 150px) 100vw, 150px\" \/><\/a>\n\t\t\t\t<\/dt>\n\t\t\t\t\t<dd class='wp-caption-text gallery-caption' id='gallery-1-3803'>\n\t\t\t\t\tChilehalal &#038; Procarne\n\t\t\t\t\t<\/dd><\/dl><dl class='gallery-item'>\n\t\t\t\t<dt class='gallery-icon portrait'>\n\t\t\t\t\t<a class=\"rollover\" href='https:\/\/www.chilehalal.com\/index.php\/2014\/07\/blog\/03\/procarne-pone-en-el-mercado-carne-halal-con-la-marca-chilehalal\/attachment\/cajas-procarne\/'><img loading=\"lazy\" decoding=\"async\" width=\"150\" height=\"150\" src=\"https:\/\/www.chilehalal.com\/wp-content\/uploads\/2014\/07\/CAJAS-PROCARNE-150x150.jpg\" class=\"attachment-thumbnail size-thumbnail\" alt=\"\" aria-describedby=\"gallery-1-3804\" srcset=\"https:\/\/www.chilehalal.com\/wp-content\/uploads\/2014\/07\/CAJAS-PROCARNE-150x150.jpg 150w, https:\/\/www.chilehalal.com\/wp-content\/uploads\/2014\/07\/CAJAS-PROCARNE-160x160.jpg 160w, https:\/\/www.chilehalal.com\/wp-content\/uploads\/2014\/07\/CAJAS-PROCARNE-320x320.jpg 320w\" sizes=\"auto, (max-width: 150px) 100vw, 150px\" \/><\/a>\n\t\t\t\t<\/dt>\n\t\t\t\t\t<dd class='wp-caption-text gallery-caption' id='gallery-1-3804'>\n\t\t\t\t\tChilehalal &#038; Procarne\n\t\t\t\t\t<\/dd><\/dl><br style=\"clear: both\" \/><dl class='gallery-item'>\n\t\t\t\t<dt class='gallery-icon landscape'>\n\t\t\t\t\t<a class=\"rollover\" href='https:\/\/www.chilehalal.com\/index.php\/2014\/07\/blog\/03\/procarne-pone-en-el-mercado-carne-halal-con-la-marca-chilehalal\/attachment\/procarne-chilehalal-sachet\/'><img loading=\"lazy\" decoding=\"async\" width=\"150\" height=\"150\" src=\"https:\/\/www.chilehalal.com\/wp-content\/uploads\/2014\/07\/PROCARNE-CHILEHALAL-SACHET-150x150.jpg\" class=\"attachment-thumbnail size-thumbnail\" alt=\"\" aria-describedby=\"gallery-1-3805\" srcset=\"https:\/\/www.chilehalal.com\/wp-content\/uploads\/2014\/07\/PROCARNE-CHILEHALAL-SACHET-150x150.jpg 150w, https:\/\/www.chilehalal.com\/wp-content\/uploads\/2014\/07\/PROCARNE-CHILEHALAL-SACHET-160x160.jpg 160w, https:\/\/www.chilehalal.com\/wp-content\/uploads\/2014\/07\/PROCARNE-CHILEHALAL-SACHET-320x320.jpg 320w\" sizes=\"auto, (max-width: 150px) 100vw, 150px\" \/><\/a>\n\t\t\t\t<\/dt>\n\t\t\t\t\t<dd class='wp-caption-text gallery-caption' id='gallery-1-3805'>\n\t\t\t\t\tChilehalal &#038; Procarne\n\t\t\t\t\t<\/dd><\/dl><dl class='gallery-item'>\n\t\t\t\t<dt class='gallery-icon landscape'>\n\t\t\t\t\t<a class=\"rollover\" href='https:\/\/www.chilehalal.com\/index.php\/2014\/07\/blog\/03\/procarne-pone-en-el-mercado-carne-halal-con-la-marca-chilehalal\/attachment\/procarne-chilehalal-2\/'><img loading=\"lazy\" decoding=\"async\" width=\"150\" height=\"150\" src=\"https:\/\/www.chilehalal.com\/wp-content\/uploads\/2014\/07\/PROCARNE-CHILEHALAL-150x150.jpg\" class=\"attachment-thumbnail size-thumbnail\" alt=\"\" aria-describedby=\"gallery-1-3806\" srcset=\"https:\/\/www.chilehalal.com\/wp-content\/uploads\/2014\/07\/PROCARNE-CHILEHALAL-150x150.jpg 150w, https:\/\/www.chilehalal.com\/wp-content\/uploads\/2014\/07\/PROCARNE-CHILEHALAL-160x160.jpg 160w, https:\/\/www.chilehalal.com\/wp-content\/uploads\/2014\/07\/PROCARNE-CHILEHALAL-320x320.jpg 320w\" sizes=\"auto, (max-width: 150px) 100vw, 150px\" \/><\/a>\n\t\t\t\t<\/dt>\n\t\t\t\t\t<dd class='wp-caption-text gallery-caption' id='gallery-1-3806'>\n\t\t\t\t\tChilehalal &#038; Procarne\n\t\t\t\t\t<\/dd><\/dl><dl class='gallery-item'>\n\t\t\t\t<dt class='gallery-icon landscape'>\n\t\t\t\t\t<a class=\"rollover\" href='https:\/\/www.chilehalal.com\/index.php\/2014\/07\/blog\/03\/procarne-pone-en-el-mercado-carne-halal-con-la-marca-chilehalal\/attachment\/procarne-gigot\/'><img loading=\"lazy\" decoding=\"async\" width=\"150\" height=\"150\" src=\"https:\/\/www.chilehalal.com\/wp-content\/uploads\/2014\/07\/PROCARNE-GIGOT-150x150.jpg\" class=\"attachment-thumbnail size-thumbnail\" alt=\"\" aria-describedby=\"gallery-1-3807\" srcset=\"https:\/\/www.chilehalal.com\/wp-content\/uploads\/2014\/07\/PROCARNE-GIGOT-150x150.jpg 150w, https:\/\/www.chilehalal.com\/wp-content\/uploads\/2014\/07\/PROCARNE-GIGOT-160x160.jpg 160w, https:\/\/www.chilehalal.com\/wp-content\/uploads\/2014\/07\/PROCARNE-GIGOT-320x320.jpg 320w\" sizes=\"auto, (max-width: 150px) 100vw, 150px\" \/><\/a>\n\t\t\t\t<\/dt>\n\t\t\t\t\t<dd class='wp-caption-text gallery-caption' id='gallery-1-3807'>\n\t\t\t\t\tChilehalal &#038; Procarne\n\t\t\t\t\t<\/dd><\/dl><br style=\"clear: both\" \/><dl class='gallery-item'>\n\t\t\t\t<dt class='gallery-icon landscape'>\n\t\t\t\t\t<a class=\"rollover\" href='https:\/\/www.chilehalal.com\/index.php\/2014\/07\/blog\/03\/procarne-pone-en-el-mercado-carne-halal-con-la-marca-chilehalal\/attachment\/sachetchilehalal\/'><img loading=\"lazy\" decoding=\"async\" width=\"150\" height=\"150\" src=\"https:\/\/www.chilehalal.com\/wp-content\/uploads\/2014\/07\/SACHETCHILEHALAL-150x150.jpg\" class=\"attachment-thumbnail size-thumbnail\" alt=\"\" aria-describedby=\"gallery-1-3808\" srcset=\"https:\/\/www.chilehalal.com\/wp-content\/uploads\/2014\/07\/SACHETCHILEHALAL-150x150.jpg 150w, https:\/\/www.chilehalal.com\/wp-content\/uploads\/2014\/07\/SACHETCHILEHALAL-160x160.jpg 160w, https:\/\/www.chilehalal.com\/wp-content\/uploads\/2014\/07\/SACHETCHILEHALAL-320x320.jpg 320w\" sizes=\"auto, (max-width: 150px) 100vw, 150px\" \/><\/a>\n\t\t\t\t<\/dt>\n\t\t\t\t\t<dd class='wp-caption-text gallery-caption' id='gallery-1-3808'>\n\t\t\t\t\tChilehalal &#038; Procarne\n\t\t\t\t\t<\/dd><\/dl>\n\t\t\t\t<br style='clear: both' \/>\n\t\t\t<\/div>\n\n<\/div>\n","protected":false},"excerpt":{"rendered":"<p>Bueno, hay cosas que se demoran, no por culpa de Chilehalal o Procarne, pero solo porque los procesos son lentos y es normal, sanidad, etc, por fin esta lista la carne Halal 100% chilena, 100% halal, 100% Chilehalal, la lista de los puntos de venta, llamar directamente a Procarne, solo la carne con etiqueta de&hellip;<\/p>\n","protected":false},"author":6,"featured_media":3805,"comment_status":"closed","ping_status":"closed","sticky":false,"template":"","format":"standard","meta":[],"categories":[408],"tags":[110,375,157,106,160,339,123,192,343],"class_list":["post-3801","post","type-post","status-publish","format-standard","has-post-thumbnail","hentry","category-blog","tag-carne-halal","tag-comer-halal-en-chile","tag-halal-chilien","tag-halal-en-chile","tag-halal-santiago","tag-islam-en-chile","tag-islam-en-santiago","tag-muslim-chilean","tag-prochile-halal","category-408","description-off"],"_links":{"self":[{"href":"https:\/\/www.chilehalal.com\/index.php\/wp-json\/wp\/v2\/posts\/3801","targetHints":{"allow":["GET"]}}],"collection":[{"href":"https:\/\/www.chilehalal.com\/index.php\/wp-json\/wp\/v2\/posts"}],"about":[{"href":"https:\/\/www.chilehalal.com\/index.php\/wp-json\/wp\/v2\/types\/post"}],"author":[{"embeddable":true,"href":"https:\/\/www.chilehalal.com\/index.php\/wp-json\/wp\/v2\/users\/6"}],"replies":[{"embeddable":true,"href":"https:\/\/www.chilehalal.com\/index.php\/wp-json\/wp\/v2\/comments?post=3801"}],"version-history":[{"count":4,"href":"https:\/\/www.chilehalal.com\/index.php\/wp-json\/wp\/v2\/posts\/3801\/revisions"}],"predecessor-version":[{"id":3812,"href":"https:\/\/www.chilehalal.com\/index.php\/wp-json\/wp\/v2\/posts\/3801\/revisions\/3812"}],"wp:featuredmedia":[{"embeddable":true,"href":"https:\/\/www.chilehalal.com\/index.php\/wp-json\/wp\/v2\/media\/3805"}],"wp:attachment":[{"href":"https:\/\/www.chilehalal.com\/index.php\/wp-json\/wp\/v2\/media?parent=3801"}],"wp:term":[{"taxonomy":"category","embeddable":true,"href":"https:\/\/www.chilehalal.com\/index.php\/wp-json\/wp\/v2\/categories?post=3801"},{"taxonomy":"post_tag","embeddable":true,"href":"https:\/\/www.chilehalal.com\/index.php\/wp-json\/wp\/v2\/tags?post=3801"}],"curies":[{"name":"wp","href":"https:\/\/api.w.org\/{rel}","templated":true}]}}