{"id":2827,"date":"2013-09-02T19:58:30","date_gmt":"2013-09-02T19:58:30","guid":{"rendered":"http:\/\/www.chilehalal.com\/?p=2827"},"modified":"2013-09-02T19:58:30","modified_gmt":"2013-09-02T19:58:30","slug":"chilehalal-socio-del-foro-de-negocios-musulmanes-en-dakar-senegal-noviembre-2013","status":"publish","type":"post","link":"https:\/\/www.chilehalal.com\/index.php\/2013\/09\/blog\/noticias\/02\/chilehalal-socio-del-foro-de-negocios-musulmanes-en-dakar-senegal-noviembre-2013\/","title":{"rendered":"Chilehalal socio del Foro de Negocios Musulmanes en Dakar Senegal Noviembre 2013"},"content":{"rendered":"<p><a href=\"https:\/\/www.chilehalal.com\/wp-content\/uploads\/2013\/09\/SIBM-LOGO.jpg\"><img loading=\"lazy\" decoding=\"async\" class=\"aligncenter  wp-image-2829\" title=\"SIBM LOGO halal\" src=\"https:\/\/www.chilehalal.com\/wp-content\/uploads\/2013\/09\/SIBM-LOGO-300x300.jpg\" alt=\"\" width=\"367\" height=\"367\" srcset=\"https:\/\/www.chilehalal.com\/wp-content\/uploads\/2013\/09\/SIBM-LOGO-300x300.jpg 300w, https:\/\/www.chilehalal.com\/wp-content\/uploads\/2013\/09\/SIBM-LOGO-150x150.jpg 150w, https:\/\/www.chilehalal.com\/wp-content\/uploads\/2013\/09\/SIBM-LOGO-1024x1024.jpg 1024w, https:\/\/www.chilehalal.com\/wp-content\/uploads\/2013\/09\/SIBM-LOGO.jpg 1181w\" sizes=\"auto, (max-width: 367px) 100vw, 367px\" \/><\/a><\/p>\n<p><strong><span id=\"result_box\" lang=\"es\"><span class=\"hps\">Chilehalal socio del Foro de Negocios Musulmanes en Dakar Senegal<\/span><\/span><\/strong><\/p>\n<p><span id=\"result_box\" lang=\"es\"><span class=\"hps\">El crecimiento y<\/span> la <span class=\"hps\">diversificaci\u00f3n del mercado<\/span> <span class=\"hps\">de productos<\/span> <span class=\"hps\">y servicios<\/span> <strong><span class=\"hps\">\u00abhalal\u00bb<\/span><\/strong> <span class=\"hps\">reflejan una<\/span> <span class=\"hps\">creatividad<\/span> <span class=\"hps\">din\u00e1mica y emprendedora<\/span> <span class=\"hps\">que se<\/span> <span class=\"hps\">llaman a s\u00ed mismos<\/span> <span class=\"hps\">referente<\/span> <span class=\"hps\">isl\u00e1mico,<\/span> <span class=\"hps\">es decir<\/span><span>,<\/span> <span class=\"hps\">los<\/span> <span class=\"hps\">principios derivados<\/span> <span class=\"hps\">de los valores<\/span> <span class=\"hps\">del Islam y<\/span> <span class=\"hps\">promover el<\/span> <span class=\"hps\">desarrollo econ\u00f3mico y financiero<\/span> <span class=\"hps\">de los musulmanes y<\/span> <span class=\"hps\">su competitividad en el<\/span> <span class=\"hps\">mundo globalizado.<\/span><br \/>\n<\/span><\/p>\n<p><strong><span id=\"result_box\" lang=\"es\"><span class=\"hps\">Objetivos<\/span> del Foro.<\/span><\/strong><\/p>\n<p><span class=\"hps\"><span class=\"hps\">Promover<\/span> <span class=\"hps\">las oportunidades\u00a0<\/span> <span class=\"hps\">y la aparici\u00f3n de<\/span> <span class=\"hps\">nuevas<\/span> <span class=\"hps\">oportunidades de negocio para<\/span> <span class=\"hps\">las PYME<\/span> <span class=\"hps\">de<\/span> <span class=\"hps\">la CEDEAO<\/span> <span class=\"hps\">en relaci\u00f3n con<\/span> <span class=\"hps\">los sectores<\/span> <span class=\"hps\">de crecimiento econ\u00f3mico de<\/span> <span class=\"hps\">la riqueza y<\/span> <span class=\"hps\">la creaci\u00f3n de empleo<\/span><span>.<\/span><\/span><\/p>\n<p><span class=\"hps\"> <span class=\"hps\">Ayudar a<\/span> <span class=\"hps\">aumentar el volumen de<\/span> <span class=\"hps\">negocio<\/span> <span class=\"hps\">dentro de la<\/span> <span class=\"hps\">OCI,<\/span> <span class=\"hps\">teniendo en<\/span> <span class=\"hps\">cuenta el potencial<\/span> <span class=\"hps\">de la CEDEAO.<\/span><\/span><\/p>\n<p><span class=\"hps\"> <span class=\"hps\">Hacer de Dakar\u00a0<\/span> <span class=\"hps\">Senegal<\/span> <span class=\"hps\">un lugar de<\/span> <span class=\"hps\">experiencia y formaci\u00f3n en<\/span> <span class=\"hps\">el conocimiento<\/span> <span class=\"hps\">sobre el mercado<\/span><span>, el comercio<\/span> <span class=\"hps\">internacional<\/span><span class=\"hps\"> y<\/span> <span class=\"hps\">las finanzas isl\u00e1micas<\/span> <span class=\"hps\">en el<\/span> <span class=\"hps\">mundo musulm\u00e1n<\/span> <span class=\"hps\">al sur del Sahara<\/span><span>.<\/span><\/span><\/p>\n<p><span class=\"hps\"> <span class=\"hps\">Senegal<\/span> <span class=\"hps\">para crear<\/span> <span class=\"hps\">un Observatorio de<\/span> <span class=\"hps\">la evoluci\u00f3n de<\/span> <span class=\"hps\">las finanzas isl\u00e1micas<\/span> <span class=\"hps\">y el comercio entre<\/span> <span class=\"hps\">los pa\u00edses de<\/span> <span class=\"hps\">la CEDEAO<\/span> <span class=\"hps\">y otros actores econ\u00f3micos<\/span> <span class=\"hps\">y financieros en<\/span> <span class=\"hps\">el mundo musulm\u00e1n.<\/span><\/span><\/p>\n<p><span class=\"hps\"> <span class=\"hps\">Senegal<\/span> <span class=\"hps\">para crear<\/span> <span class=\"hps\">un Fondo de Inversi\u00f3n<\/span> <span class=\"hps\">Isl\u00e1mica<\/span> <span class=\"hps\">de fortalecer la capacidad<\/span> <span class=\"hps\">de las PYME<\/span>\u00a0 <span class=\"hps\">y promover<\/span> <span class=\"hps\">la creaci\u00f3n de nuevos<\/span> <span class=\"hps\">puestos de trabajo.<\/span><\/span><\/p>\n<ul class=\"contact-details\">\n<li class=\"contact1\">Dakar, S\u00e9n\u00e9gal<\/li>\n<li class=\"contact2\">221 77 855-00-00<\/li>\n<li class=\"contact3\">info@sibm.biz; icic.pdg@gmail.com<\/li>\n<li class=\"contact3\">Pagina web : www.sibm.biz<\/li>\n<\/ul>\n<p>&nbsp;<\/p>\n<p><a href=\"https:\/\/www.chilehalal.com\/wp-content\/uploads\/2013\/09\/SENEGAL-EXPO-SIBM-HALAL1.jpg\"><img loading=\"lazy\" decoding=\"async\" class=\"aligncenter size-full wp-image-2831\" title=\"SENEGAL-EXPO-SIBM-HALAL\" src=\"https:\/\/www.chilehalal.com\/wp-content\/uploads\/2013\/09\/SENEGAL-EXPO-SIBM-HALAL1.jpg\" alt=\"\" width=\"595\" height=\"842\" srcset=\"https:\/\/www.chilehalal.com\/wp-content\/uploads\/2013\/09\/SENEGAL-EXPO-SIBM-HALAL1.jpg 595w, https:\/\/www.chilehalal.com\/wp-content\/uploads\/2013\/09\/SENEGAL-EXPO-SIBM-HALAL1-211x300.jpg 211w\" sizes=\"auto, (max-width: 595px) 100vw, 595px\" \/><\/a><\/p>\n","protected":false},"excerpt":{"rendered":"<p>Chilehalal socio del Foro de Negocios Musulmanes en Dakar Senegal El crecimiento y la diversificaci\u00f3n del mercado de productos y servicios \u00abhalal\u00bb reflejan una creatividad din\u00e1mica y emprendedora que se llaman a s\u00ed mismos referente isl\u00e1mico, es decir, los principios derivados de los valores del Islam y promover el desarrollo econ\u00f3mico y financiero de los&hellip;<\/p>\n","protected":false},"author":6,"featured_media":2831,"comment_status":"open","ping_status":"open","sticky":false,"template":"","format":"standard","meta":[],"categories":[6,57,1],"tags":[387,373,339,66,374,324,177],"class_list":["post-2827","post","type-post","status-publish","format-standard","has-post-thumbnail","hentry","category-agenda","category-organismos-de-certificacion-halal","category-noticias","tag-halal-expo-in-chile","tag-halal-food-chile","tag-islam-en-chile","tag-meat-halal","tag-muslim-chilien","tag-prochile","tag-santiago-halal","category-6","category-57","category-1","description-off"],"_links":{"self":[{"href":"https:\/\/www.chilehalal.com\/index.php\/wp-json\/wp\/v2\/posts\/2827","targetHints":{"allow":["GET"]}}],"collection":[{"href":"https:\/\/www.chilehalal.com\/index.php\/wp-json\/wp\/v2\/posts"}],"about":[{"href":"https:\/\/www.chilehalal.com\/index.php\/wp-json\/wp\/v2\/types\/post"}],"author":[{"embeddable":true,"href":"https:\/\/www.chilehalal.com\/index.php\/wp-json\/wp\/v2\/users\/6"}],"replies":[{"embeddable":true,"href":"https:\/\/www.chilehalal.com\/index.php\/wp-json\/wp\/v2\/comments?post=2827"}],"version-history":[{"count":3,"href":"https:\/\/www.chilehalal.com\/index.php\/wp-json\/wp\/v2\/posts\/2827\/revisions"}],"predecessor-version":[{"id":2833,"href":"https:\/\/www.chilehalal.com\/index.php\/wp-json\/wp\/v2\/posts\/2827\/revisions\/2833"}],"wp:featuredmedia":[{"embeddable":true,"href":"https:\/\/www.chilehalal.com\/index.php\/wp-json\/wp\/v2\/media\/2831"}],"wp:attachment":[{"href":"https:\/\/www.chilehalal.com\/index.php\/wp-json\/wp\/v2\/media?parent=2827"}],"wp:term":[{"taxonomy":"category","embeddable":true,"href":"https:\/\/www.chilehalal.com\/index.php\/wp-json\/wp\/v2\/categories?post=2827"},{"taxonomy":"post_tag","embeddable":true,"href":"https:\/\/www.chilehalal.com\/index.php\/wp-json\/wp\/v2\/tags?post=2827"}],"curies":[{"name":"wp","href":"https:\/\/api.w.org\/{rel}","templated":true}]}}