{"id":2555,"date":"2013-02-24T05:07:08","date_gmt":"2013-02-24T05:07:08","guid":{"rendered":"http:\/\/www.chilehalal.com\/?p=2555"},"modified":"2013-02-24T05:07:08","modified_gmt":"2013-02-24T05:07:08","slug":"reunion-en-las-oficinas-de-prochile-santiago-para-la-preparacion-de-la-halalexpochile-2013","status":"publish","type":"post","link":"https:\/\/www.chilehalal.com\/index.php\/2013\/02\/blog\/noticias\/24\/reunion-en-las-oficinas-de-prochile-santiago-para-la-preparacion-de-la-halalexpochile-2013\/","title":{"rendered":"Reunion en las oficinas de Prochile Santiago para la preparacion de la HalalExpoChile 2013"},"content":{"rendered":"<div id=\"attachment_2556\" style=\"width: 654px\" class=\"wp-caption aligncenter\"><a href=\"https:\/\/www.chilehalal.com\/wp-content\/uploads\/2013\/02\/DSC_0146.jpg\"><img loading=\"lazy\" decoding=\"async\" aria-describedby=\"caption-attachment-2556\" class=\" wp-image-2556\" title=\"Halal Prochile Chilehalal\" src=\"https:\/\/www.chilehalal.com\/wp-content\/uploads\/2013\/02\/DSC_0146-768x1024.jpg\" alt=\"\" width=\"644\" height=\"858\" srcset=\"https:\/\/www.chilehalal.com\/wp-content\/uploads\/2013\/02\/DSC_0146-768x1024.jpg 768w, https:\/\/www.chilehalal.com\/wp-content\/uploads\/2013\/02\/DSC_0146-225x300.jpg 225w\" sizes=\"auto, (max-width: 644px) 100vw, 644px\" \/><\/a><p id=\"caption-attachment-2556\" class=\"wp-caption-text\">Diego Osses Cavero Asistente Subdepartamento Comercio Sustentable Prochile y Mr Hidalgo Director Chilehalal<\/p><\/div>\n<p style=\"text-align: left;\">Una reunion en las oficinas de Prochile en diciembre 2012, con el fin de analisar las diferentes formas de apoyo para la HalalExpoChile 2013.<\/p>\n<h1><strong>ProChile Desaf\u00edos 2010-2014<\/strong><\/h1>\n<p>Mayor dinamismo y cobertura en la promoci\u00f3n de exportaciones<\/p>\n<p>F\u00e9lix de Vicente Mingo<br \/>\nDirector de ProChile<\/p>\n<p><img decoding=\"async\" title=\"F\u00e9lix de Vicente\" src=\"http:\/\/rc.prochile.cl\/sites\/rc.prochile.cl\/files\/images\/imagen_03_22_10164136.jpg\" alt=\"\" \/><\/p>\n<p>La Direcci\u00f3n de Promoci\u00f3n de Exportaciones \u2013ProChile- enfrenta hoy un escenario de gran dinamismo, los empresarios requieren de una gesti\u00f3n \u00e1gil y de herramientas de apoyo eficaces para enfrentar con \u00e9xito los crecientes desaf\u00edos que presentan los mercados internacionales.<\/p>\n<p>ProChile tiene una amplia gama de servicios de apoyo a los exportadores nacionales, desde sistemas de informaci\u00f3n de alta calidad, pasando por el apoyo en la participaci\u00f3n de las m\u00e1s importantes ferias internacionales, hasta programas especialmente dise\u00f1ados para desarrollar las capacidades exportadoras.<\/p>\n<p>Hoy queremos llegar con todos nuestros servicios hasta el \u00faltimo rinc\u00f3n de Chile, queremos ayudar oportunamente a cada exportador o potencial exportador chileno desde las primeras etapas en la formaci\u00f3n de su negocio, queremos asegurarle a cada uno de nuestros clientes que todos los profesionales de ProChile est\u00e1n dedicados a apoyarlos, con la experiencia que entregan 35 a\u00f1os de trabajo incansable en la promoci\u00f3n de los negocios internacionales.<\/p>\n<p>http:\/\/rc.prochile.gob.cl\/<\/p>\n<p>&nbsp;<\/p>\n","protected":false},"excerpt":{"rendered":"<p>Una reunion en las oficinas de Prochile en diciembre 2012, con el fin de analisar las diferentes formas de apoyo para la HalalExpoChile 2013. ProChile Desaf\u00edos 2010-2014 Mayor dinamismo y cobertura en la promoci\u00f3n de exportaciones F\u00e9lix de Vicente Mingo Director de ProChile La Direcci\u00f3n de Promoci\u00f3n de Exportaciones \u2013ProChile- enfrenta hoy un escenario de&hellip;<\/p>\n","protected":false},"author":6,"featured_media":2556,"comment_status":"open","ping_status":"open","sticky":false,"template":"","format":"standard","meta":[],"categories":[6,1],"tags":[110,149,25,141,58,157,106,386,148,56,343],"class_list":["post-2555","post","type-post","status-publish","format-standard","has-post-thumbnail","hentry","category-agenda","category-noticias","tag-carne-halal","tag-food-halal","tag-halal","tag-halal-au-chili","tag-halal-chile","tag-halal-chilien","tag-halal-en-chile","tag-halal-expo-chile","tag-halal-food","tag-investigacion","tag-prochile-halal","category-6","category-1","description-off"],"_links":{"self":[{"href":"https:\/\/www.chilehalal.com\/index.php\/wp-json\/wp\/v2\/posts\/2555","targetHints":{"allow":["GET"]}}],"collection":[{"href":"https:\/\/www.chilehalal.com\/index.php\/wp-json\/wp\/v2\/posts"}],"about":[{"href":"https:\/\/www.chilehalal.com\/index.php\/wp-json\/wp\/v2\/types\/post"}],"author":[{"embeddable":true,"href":"https:\/\/www.chilehalal.com\/index.php\/wp-json\/wp\/v2\/users\/6"}],"replies":[{"embeddable":true,"href":"https:\/\/www.chilehalal.com\/index.php\/wp-json\/wp\/v2\/comments?post=2555"}],"version-history":[{"count":3,"href":"https:\/\/www.chilehalal.com\/index.php\/wp-json\/wp\/v2\/posts\/2555\/revisions"}],"predecessor-version":[{"id":2559,"href":"https:\/\/www.chilehalal.com\/index.php\/wp-json\/wp\/v2\/posts\/2555\/revisions\/2559"}],"wp:featuredmedia":[{"embeddable":true,"href":"https:\/\/www.chilehalal.com\/index.php\/wp-json\/wp\/v2\/media\/2556"}],"wp:attachment":[{"href":"https:\/\/www.chilehalal.com\/index.php\/wp-json\/wp\/v2\/media?parent=2555"}],"wp:term":[{"taxonomy":"category","embeddable":true,"href":"https:\/\/www.chilehalal.com\/index.php\/wp-json\/wp\/v2\/categories?post=2555"},{"taxonomy":"post_tag","embeddable":true,"href":"https:\/\/www.chilehalal.com\/index.php\/wp-json\/wp\/v2\/tags?post=2555"}],"curies":[{"name":"wp","href":"https:\/\/api.w.org\/{rel}","templated":true}]}}