{"id":2203,"date":"2012-10-25T15:09:10","date_gmt":"2012-10-25T15:09:10","guid":{"rendered":"http:\/\/www.chilehalal.com\/?p=2203"},"modified":"2012-10-27T12:48:27","modified_gmt":"2012-10-27T12:48:27","slug":"chilehalal-y-sus-socios-han-sido-invitados-a-la-embajada-de-chile-en-paris-por-prochile-este-martes-23-de-octubre-2012","status":"publish","type":"post","link":"https:\/\/www.chilehalal.com\/index.php\/2012\/10\/blog\/noticias\/25\/chilehalal-y-sus-socios-han-sido-invitados-a-la-embajada-de-chile-en-paris-por-prochile-este-martes-23-de-octubre-2012\/","title":{"rendered":"Chilehalal y sus socios han sido invitados a la Embajada de Chile en Par\u00eds por PROCHILE este Martes, 23 de octubre 2012."},"content":{"rendered":"<p>Chilehalal y sus socios han sido invitados a la Embajada de Chile en Par\u00eds por PROCHILE este Martes, 23 de octubre 2012.<br \/>\nEn una reuni\u00f3n de empresarios, l\u00edderes de empresas, diplom\u00e1ticos, institucionales, dentro del SIAL PARIS.<\/p>\n\n\t\t\t<style type='text\/css'>\n\t\t\t\t#gallery-1 {\n\t\t\t\t\tmargin: auto;\n\t\t\t\t}\n\t\t\t\t#gallery-1 .gallery-item {\n\t\t\t\t\tfloat: left;\n\t\t\t\t\tmargin-top: 10px;\n\t\t\t\t\ttext-align: center;\n\t\t\t\t\twidth: 100%;\n\t\t\t\t}\n\t\t\t\t#gallery-1 img {\n\t\t\t\t\tborder: 2px solid #cfcfcf;\n\t\t\t\t}\n\t\t\t\t#gallery-1 .gallery-caption {\n\t\t\t\t\tmargin-left: 0;\n\t\t\t\t}\n\t\t\t\t\/* see gallery_shortcode() in wp-includes\/media.php *\/\n\t\t\t<\/style>\n\t\t<div id='gallery-1' class='dt-gallery-container gallery galleryid-2203 gallery-columns-1 gallery-size-thumbnail'><dl class='gallery-item'>\n\t\t\t\t<dt class='gallery-icon portrait'>\n\t\t\t\t\t<a class=\"rollover\" href='https:\/\/www.chilehalal.com\/index.php\/2012\/10\/blog\/noticias\/25\/chilehalal-y-sus-socios-han-sido-invitados-a-la-embajada-de-chile-en-paris-por-prochile-este-martes-23-de-octubre-2012\/attachment\/p1190098\/'><img loading=\"lazy\" decoding=\"async\" width=\"150\" height=\"150\" src=\"https:\/\/www.chilehalal.com\/wp-content\/uploads\/2012\/10\/P1190098-150x150.jpg\" class=\"attachment-thumbnail size-thumbnail\" alt=\"\" aria-describedby=\"gallery-1-2211\" \/><\/a>\n\t\t\t\t<\/dt>\n\t\t\t\t\t<dd class='wp-caption-text gallery-caption' id='gallery-1-2211'>\n\t\t\t\t\tEl embajador de Chile en Paris, Se\u00f1or Jorge Edwards y Hidalgo Marcelo Abou Abdelnour Director Chilehalal, Martes 23 de Octubre 2012\n\t\t\t\t\t<\/dd><\/dl><br style=\"clear: both\" \/><dl class='gallery-item'>\n\t\t\t\t<dt class='gallery-icon portrait'>\n\t\t\t\t\t<a class=\"rollover\" href='https:\/\/www.chilehalal.com\/index.php\/2012\/10\/blog\/noticias\/25\/chilehalal-y-sus-socios-han-sido-invitados-a-la-embajada-de-chile-en-paris-por-prochile-este-martes-23-de-octubre-2012\/attachment\/p1190106\/'><img loading=\"lazy\" decoding=\"async\" width=\"150\" height=\"150\" src=\"https:\/\/www.chilehalal.com\/wp-content\/uploads\/2012\/10\/P1190106-150x150.jpg\" class=\"attachment-thumbnail size-thumbnail\" alt=\"\" aria-describedby=\"gallery-1-2219\" \/><\/a>\n\t\t\t\t<\/dt>\n\t\t\t\t\t<dd class='wp-caption-text gallery-caption' id='gallery-1-2219'>\n\t\t\t\t\tEmbajada de Chile en Paris Martes 23 de Octubre 2012\n\t\t\t\t\t<\/dd><\/dl><br style=\"clear: both\" \/><dl class='gallery-item'>\n\t\t\t\t<dt class='gallery-icon landscape'>\n\t\t\t\t\t<a class=\"rollover\" href='https:\/\/www.chilehalal.com\/index.php\/2012\/10\/blog\/noticias\/25\/chilehalal-y-sus-socios-han-sido-invitados-a-la-embajada-de-chile-en-paris-por-prochile-este-martes-23-de-octubre-2012\/attachment\/p1190101\/'><img loading=\"lazy\" decoding=\"async\" width=\"150\" height=\"150\" src=\"https:\/\/www.chilehalal.com\/wp-content\/uploads\/2012\/10\/P1190101-150x150.jpg\" class=\"attachment-thumbnail size-thumbnail\" alt=\"\" \/><\/a>\n\t\t\t\t<\/dt><\/dl><br style=\"clear: both\" \/><dl class='gallery-item'>\n\t\t\t\t<dt class='gallery-icon portrait'>\n\t\t\t\t\t<a class=\"rollover\" href='https:\/\/www.chilehalal.com\/index.php\/2012\/10\/blog\/noticias\/25\/chilehalal-y-sus-socios-han-sido-invitados-a-la-embajada-de-chile-en-paris-por-prochile-este-martes-23-de-octubre-2012\/attachment\/p1190107\/'><img loading=\"lazy\" decoding=\"async\" width=\"150\" height=\"150\" src=\"https:\/\/www.chilehalal.com\/wp-content\/uploads\/2012\/10\/P1190107-150x150.jpg\" class=\"attachment-thumbnail size-thumbnail\" alt=\"\" aria-describedby=\"gallery-1-2220\" \/><\/a>\n\t\t\t\t<\/dt>\n\t\t\t\t\t<dd class='wp-caption-text gallery-caption' id='gallery-1-2220'>\n\t\t\t\t\tEmbajada de Chile en Paris Martes 23 de Octubre 2012\n\t\t\t\t\t<\/dd><\/dl><br style=\"clear: both\" \/><dl class='gallery-item'>\n\t\t\t\t<dt class='gallery-icon landscape'>\n\t\t\t\t\t<a class=\"rollover\" href='https:\/\/www.chilehalal.com\/index.php\/2012\/10\/blog\/noticias\/25\/chilehalal-y-sus-socios-han-sido-invitados-a-la-embajada-de-chile-en-paris-por-prochile-este-martes-23-de-octubre-2012\/attachment\/p1190096\/'><img loading=\"lazy\" decoding=\"async\" width=\"150\" height=\"150\" src=\"https:\/\/www.chilehalal.com\/wp-content\/uploads\/2012\/10\/P1190096-150x150.jpg\" class=\"attachment-thumbnail size-thumbnail\" alt=\"\" aria-describedby=\"gallery-1-2209\" \/><\/a>\n\t\t\t\t<\/dt>\n\t\t\t\t\t<dd class='wp-caption-text gallery-caption' id='gallery-1-2209'>\n\t\t\t\t\tEmbajada de Chile en Paris Martes 23 de Octubre 2012\n\t\t\t\t\t<\/dd><\/dl><br style=\"clear: both\" \/><dl class='gallery-item'>\n\t\t\t\t<dt class='gallery-icon landscape'>\n\t\t\t\t\t<a class=\"rollover\" href='https:\/\/www.chilehalal.com\/index.php\/2012\/10\/blog\/noticias\/25\/chilehalal-y-sus-socios-han-sido-invitados-a-la-embajada-de-chile-en-paris-por-prochile-este-martes-23-de-octubre-2012\/attachment\/p1190097\/'><img loading=\"lazy\" decoding=\"async\" width=\"150\" height=\"150\" src=\"https:\/\/www.chilehalal.com\/wp-content\/uploads\/2012\/10\/P1190097-150x150.jpg\" class=\"attachment-thumbnail size-thumbnail\" alt=\"\" aria-describedby=\"gallery-1-2210\" \/><\/a>\n\t\t\t\t<\/dt>\n\t\t\t\t\t<dd class='wp-caption-text gallery-caption' id='gallery-1-2210'>\n\t\t\t\t\tEmbajada de Chile en Paris Martes 23 de Octubre 2012\n\t\t\t\t\t<\/dd><\/dl><br style=\"clear: both\" \/>\n\t\t\t<\/div>\n\n","protected":false},"excerpt":{"rendered":"<p>Chilehalal y sus socios han sido invitados a la Embajada de Chile en Par\u00eds por PROCHILE este Martes, 23 de octubre 2012. En una reuni\u00f3n de empresarios, l\u00edderes de empresas, diplom\u00e1ticos, institucionales, dentro del SIAL PARIS.<\/p>\n","protected":false},"author":6,"featured_media":2209,"comment_status":"open","ping_status":"open","sticky":false,"template":"","format":"standard","meta":[],"categories":[6,1],"tags":[25,141,158,386,373,67,160,60,108,339,103,253],"class_list":["post-2203","post","type-post","status-publish","format-standard","has-post-thumbnail","hentry","category-agenda","category-noticias","tag-halal","tag-halal-au-chili","tag-halal-chileno","tag-halal-expo-chile","tag-halal-food-chile","tag-halal-meat","tag-halal-santiago","tag-halalchile","tag-hallal","tag-islam-en-chile","tag-manger-halal-au-chili","tag-pollo-halal","category-6","category-1","description-off"],"_links":{"self":[{"href":"https:\/\/www.chilehalal.com\/index.php\/wp-json\/wp\/v2\/posts\/2203","targetHints":{"allow":["GET"]}}],"collection":[{"href":"https:\/\/www.chilehalal.com\/index.php\/wp-json\/wp\/v2\/posts"}],"about":[{"href":"https:\/\/www.chilehalal.com\/index.php\/wp-json\/wp\/v2\/types\/post"}],"author":[{"embeddable":true,"href":"https:\/\/www.chilehalal.com\/index.php\/wp-json\/wp\/v2\/users\/6"}],"replies":[{"embeddable":true,"href":"https:\/\/www.chilehalal.com\/index.php\/wp-json\/wp\/v2\/comments?post=2203"}],"version-history":[{"count":7,"href":"https:\/\/www.chilehalal.com\/index.php\/wp-json\/wp\/v2\/posts\/2203\/revisions"}],"predecessor-version":[{"id":2228,"href":"https:\/\/www.chilehalal.com\/index.php\/wp-json\/wp\/v2\/posts\/2203\/revisions\/2228"}],"wp:featuredmedia":[{"embeddable":true,"href":"https:\/\/www.chilehalal.com\/index.php\/wp-json\/wp\/v2\/media\/2209"}],"wp:attachment":[{"href":"https:\/\/www.chilehalal.com\/index.php\/wp-json\/wp\/v2\/media?parent=2203"}],"wp:term":[{"taxonomy":"category","embeddable":true,"href":"https:\/\/www.chilehalal.com\/index.php\/wp-json\/wp\/v2\/categories?post=2203"},{"taxonomy":"post_tag","embeddable":true,"href":"https:\/\/www.chilehalal.com\/index.php\/wp-json\/wp\/v2\/tags?post=2203"}],"curies":[{"name":"wp","href":"https:\/\/api.w.org\/{rel}","templated":true}]}}